{"id":6139,"date":"2014-11-19T16:00:57","date_gmt":"2014-11-19T16:00:57","guid":{"rendered":"http:\/\/www.graphein.com.br\/?p=6139"},"modified":"2014-11-19T16:02:05","modified_gmt":"2014-11-19T16:02:05","slug":"diversao-e-conhecimento","status":"publish","type":"post","link":"https:\/\/www.graphein.com.br\/?p=6139","title":{"rendered":"DIVERS\u00c3O E CONHECIMENTO"},"content":{"rendered":"<p style=\"text-align: left;\">Na tarde de s\u00e1bado, dia 25 de outubro, nossos jovens realizaram um passeio bastante divertido ao cinema. Juntos assistiram ao filme \u201cFesta no C\u00e9u\u201d, uma bel\u00edssima anima\u00e7\u00e3o que trata de maneira bem humorada o chamado \u201cEl d\u00eda de los muertos\u201d, festividade popular em pa\u00edses como o M\u00e9xico, que ocorre de 31 de outubro a 2 de novembro.<br \/>\nEste tema, contextualizado pela arte cinematogr\u00e1fica, faz parte de todo o conte\u00fado estudado por nossos alunos durante as aulas de espanhol, onde aprenderam a escrever e pronunciar palavras no idioma e conhecer um pouco mais sobre a cultura e as hist\u00f3rias dos pa\u00edses que o tem como l\u00edngua oficial.<br \/>\nAo considerarmos o conhecimento contido no filme, transcendemos o uso do cinema e do audiovisual como ilustra\u00e7\u00e3o, motiva\u00e7\u00e3o e exemplo. Cinema \u00e9 arte e conhecimento.<\/p>\n<p style=\"text-align: left;\">As artes auxiliam na forma\u00e7\u00e3o do cidad\u00e3o ao:<\/p>\n<p>\u2022 Mobilizar a express\u00e3o e a comunica\u00e7\u00e3o pessoal;<br \/>\n\u2022 Intensificar as rela\u00e7\u00f5es dos indiv\u00edduos tanto com seu mundo interior como com o exterior;<br \/>\n\u2022 Auxili\u00e1-lo a compreender a diversidade de valores que orientam tanto seus modos de pensar e agir como os da sociedade;<br \/>\n\u2022 Favorecer o entendimento da riqueza e diversidade da imagina\u00e7\u00e3o humana;<br \/>\n\u2022 Torn\u00e1-lo capaz de perceber sua realidade cotidiana mais vivamente, reconhecendo e decodificando formas, sons, gestos e movimentos que est\u00e3o \u00e0 sua volta.<\/p>\n<p>&nbsp;<br \/>\nAl\u00e9m do filme, a divers\u00e3o foi estendida na pausa para o lanche, momento de descontra\u00e7\u00e3o, bate papo e intera\u00e7\u00e3o entre alunos e professores acompanhantes.<\/p>\n<p>&nbsp;<br \/>\n<strong>\u201cO assunto mais importante do mundo pode ser simplificado at\u00e9 ao ponto em que todos possam apreci\u00e1-lo e compreend\u00ea-lo. Isso \u00e9 &#8211; ou deveria ser &#8211; a mais elevada forma de arte\u201d.<\/strong><br \/>\n<strong>Charles Chaplin<\/strong><\/p>\n<p style=\"text-align: right;\"><strong>C\u00e1tia Alves<\/strong><br \/>\n<strong>Coord. Pedag\u00f3gica<\/strong><\/p>\n\n\t\t<style type=\"text\/css\">\n\t\t\t#gallery-1 {\n\t\t\t\tmargin: auto;\n\t\t\t}\n\t\t\t#gallery-1 .gallery-item {\n\t\t\t\tfloat: left;\n\t\t\t\tmargin-top: 10px;\n\t\t\t\ttext-align: center;\n\t\t\t\twidth: 33%;\n\t\t\t}\n\t\t\t#gallery-1 img {\n\t\t\t\tborder: 2px solid #cfcfcf;\n\t\t\t}\n\t\t\t#gallery-1 .gallery-caption {\n\t\t\t\tmargin-left: 0;\n\t\t\t}\n\t\t\t\/* see gallery_shortcode() in wp-includes\/media.php *\/\n\t\t<\/style>\n\t\t<div id='gallery-1' class='gallery galleryid-6139 gallery-columns-3 gallery-size-thumbnail'><dl class='gallery-item'>\n\t\t\t<dt class='gallery-icon landscape'>\n\t\t\t\t<a href='https:\/\/www.graphein.com.br\/?attachment_id=6140'><img width=\"150\" height=\"150\" src=\"https:\/\/www.graphein.com.br\/wp-content\/uploads\/2014\/11\/IMG_20141025_160306_766-150x150.jpg\" class=\"attachment-thumbnail size-thumbnail\" alt=\"\" loading=\"lazy\" \/><\/a>\n\t\t\t<\/dt><\/dl><dl class='gallery-item'>\n\t\t\t<dt class='gallery-icon landscape'>\n\t\t\t\t<a href='https:\/\/www.graphein.com.br\/?attachment_id=6141'><img width=\"150\" height=\"150\" src=\"https:\/\/www.graphein.com.br\/wp-content\/uploads\/2014\/11\/IMG_20141025_163230_465-150x150.jpg\" class=\"attachment-thumbnail size-thumbnail\" alt=\"\" loading=\"lazy\" \/><\/a>\n\t\t\t<\/dt><\/dl><dl class='gallery-item'>\n\t\t\t<dt class='gallery-icon landscape'>\n\t\t\t\t<a href='https:\/\/www.graphein.com.br\/?attachment_id=6142'><img width=\"150\" height=\"150\" src=\"https:\/\/www.graphein.com.br\/wp-content\/uploads\/2014\/11\/IMG_20141025_192659_129-150x150.jpg\" class=\"attachment-thumbnail size-thumbnail\" alt=\"\" loading=\"lazy\" \/><\/a>\n\t\t\t<\/dt><\/dl><br style=\"clear: both\" \/><dl class='gallery-item'>\n\t\t\t<dt class='gallery-icon landscape'>\n\t\t\t\t<a href='https:\/\/www.graphein.com.br\/?attachment_id=6143'><img width=\"150\" height=\"150\" src=\"https:\/\/www.graphein.com.br\/wp-content\/uploads\/2014\/11\/IMG-20141025-WA0004-150x150.jpg\" class=\"attachment-thumbnail size-thumbnail\" alt=\"\" loading=\"lazy\" \/><\/a>\n\t\t\t<\/dt><\/dl>\n\t\t\t<br style='clear: both' \/>\n\t\t<\/div>\n\n<p style=\"text-align: right;\">\n<iframe src=\"http:\/\/www.facebook.com\/plugins\/like.php?href=https%3A%2F%2Fwww.graphein.com.br%2F%3Fp%3D6139&amp;layout=standard&amp;show_faces=true&amp;width=450&amp;action=like&amp;colorscheme=light\" scrolling=\"no\" frameborder=\"0\" allowTransparency=\"true\" style=\"border:none; overflow:hidden; width:450px;margin-top:5px;\"><\/iframe>","protected":false},"excerpt":{"rendered":"<p>Na tarde de s\u00e1bado, dia 25 de outubro, nossos jovens realizaram um passeio bastante divertido ao cinema. Juntos assistiram ao filme \u201cFesta no C\u00e9u\u201d, uma bel\u00edssima anima\u00e7\u00e3o que trata de maneira bem humorada o chamado \u201cEl d\u00eda de los muertos\u201d, festividade popular em pa\u00edses como o M\u00e9xico, que ocorre de 31 de outubro a 2 [&hellip;]<\/p>\n","protected":false},"author":1,"featured_media":0,"comment_status":"open","ping_status":"open","sticky":false,"template":"","format":"standard","meta":[],"categories":[2],"tags":[],"_links":{"self":[{"href":"https:\/\/www.graphein.com.br\/index.php?rest_route=\/wp\/v2\/posts\/6139"}],"collection":[{"href":"https:\/\/www.graphein.com.br\/index.php?rest_route=\/wp\/v2\/posts"}],"about":[{"href":"https:\/\/www.graphein.com.br\/index.php?rest_route=\/wp\/v2\/types\/post"}],"author":[{"embeddable":true,"href":"https:\/\/www.graphein.com.br\/index.php?rest_route=\/wp\/v2\/users\/1"}],"replies":[{"embeddable":true,"href":"https:\/\/www.graphein.com.br\/index.php?rest_route=%2Fwp%2Fv2%2Fcomments&post=6139"}],"version-history":[{"count":5,"href":"https:\/\/www.graphein.com.br\/index.php?rest_route=\/wp\/v2\/posts\/6139\/revisions"}],"predecessor-version":[{"id":6149,"href":"https:\/\/www.graphein.com.br\/index.php?rest_route=\/wp\/v2\/posts\/6139\/revisions\/6149"}],"wp:attachment":[{"href":"https:\/\/www.graphein.com.br\/index.php?rest_route=%2Fwp%2Fv2%2Fmedia&parent=6139"}],"wp:term":[{"taxonomy":"category","embeddable":true,"href":"https:\/\/www.graphein.com.br\/index.php?rest_route=%2Fwp%2Fv2%2Fcategories&post=6139"},{"taxonomy":"post_tag","embeddable":true,"href":"https:\/\/www.graphein.com.br\/index.php?rest_route=%2Fwp%2Fv2%2Ftags&post=6139"}],"curies":[{"name":"wp","href":"https:\/\/api.w.org\/{rel}","templated":true}]}}