{"id":6351,"date":"2015-04-23T18:10:42","date_gmt":"2015-04-23T18:10:42","guid":{"rendered":"http:\/\/www.graphein.com.br\/?p=6351"},"modified":"2015-04-23T18:10:42","modified_gmt":"2015-04-23T18:10:42","slug":"congresso-internacional-de-autismo-na-vida-adulta-ciencia-sociedade-e-realidade","status":"publish","type":"post","link":"https:\/\/www.graphein.com.br\/?p=6351","title":{"rendered":"CONGRESSO INTERNACIONAL DE AUTISMO NA VIDA ADULTA: CI\u00caNCIA, SOCIEDADE E REALIDADE"},"content":{"rendered":"<p style=\"text-align: left;\">Nos dias 16 a 18 de abril, foi realizado pela ONG <strong>&#8220;Autismo &amp; Realidade&#8221;<\/strong> e pela <strong>UNIFESP<\/strong> o Congresso de Autismo na Vida Adulta que recebeu grandes profissionais da Am\u00e9rica Latina e do Brasil.<\/p>\n<p style=\"text-align: left;\">O diretor do Col\u00e9gio Graphein, Josef, acompanhou de perto os temas abordados, entre eles a &#8220;abrang\u00eancia da inclus\u00e3o na vida adulta&#8221;.<\/p>\n<p style=\"text-align: left;\">O congresso permitiu o di\u00e1logo entre as pessoas com Transtorno do Espectro Autista &#8211; TEA, seus familiares e a comunidade acad\u00eamica\u00a0 e cient\u00edfica.<\/p>\n<p style=\"text-align: left;\">Os principais temas trataram das possibilidades de reinser\u00e7\u00e3o social e ocupacional das pessoas com TEA e o estigma que familiares e portadores enfrentam na sociedade.<\/p>\n<p style=\"text-align: left;\">\u00a0Um encontro rico em conhecimento!<\/p>\n<p style=\"text-align: left;\">\n<p style=\"text-align: left;\">Confira as fotos.<\/p>\n<p><strong>\u00a0<\/strong><\/p>\n<p style=\"text-align: right;\"><strong>Camila D\u00b4amico<\/strong><\/p>\n<p style=\"text-align: right;\"><strong>Coord. Pedag\u00f3gica<\/strong><\/p>\n<p style=\"text-align: right;\">\n\n\t\t<style type=\"text\/css\">\n\t\t\t#gallery-1 {\n\t\t\t\tmargin: auto;\n\t\t\t}\n\t\t\t#gallery-1 .gallery-item {\n\t\t\t\tfloat: left;\n\t\t\t\tmargin-top: 10px;\n\t\t\t\ttext-align: center;\n\t\t\t\twidth: 33%;\n\t\t\t}\n\t\t\t#gallery-1 img {\n\t\t\t\tborder: 2px solid #cfcfcf;\n\t\t\t}\n\t\t\t#gallery-1 .gallery-caption {\n\t\t\t\tmargin-left: 0;\n\t\t\t}\n\t\t\t\/* see gallery_shortcode() in wp-includes\/media.php *\/\n\t\t<\/style>\n\t\t<div id='gallery-1' class='gallery galleryid-6351 gallery-columns-3 gallery-size-thumbnail'><dl class='gallery-item'>\n\t\t\t<dt class='gallery-icon landscape'>\n\t\t\t\t<a href='https:\/\/www.graphein.com.br\/?attachment_id=6352'><img width=\"150\" height=\"150\" src=\"https:\/\/www.graphein.com.br\/wp-content\/uploads\/2015\/04\/congresso-autismo-1-150x150.jpg\" class=\"attachment-thumbnail size-thumbnail\" alt=\"\" loading=\"lazy\" \/><\/a>\n\t\t\t<\/dt><\/dl><dl class='gallery-item'>\n\t\t\t<dt class='gallery-icon landscape'>\n\t\t\t\t<a href='https:\/\/www.graphein.com.br\/?attachment_id=6353'><img width=\"150\" height=\"150\" src=\"https:\/\/www.graphein.com.br\/wp-content\/uploads\/2015\/04\/congresso-autismo-2-150x150.jpg\" class=\"attachment-thumbnail size-thumbnail\" alt=\"\" loading=\"lazy\" \/><\/a>\n\t\t\t<\/dt><\/dl><dl class='gallery-item'>\n\t\t\t<dt class='gallery-icon landscape'>\n\t\t\t\t<a href='https:\/\/www.graphein.com.br\/?attachment_id=6354'><img width=\"150\" height=\"150\" src=\"https:\/\/www.graphein.com.br\/wp-content\/uploads\/2015\/04\/congresso-autismo-3-150x150.jpg\" class=\"attachment-thumbnail size-thumbnail\" alt=\"\" loading=\"lazy\" \/><\/a>\n\t\t\t<\/dt><\/dl><br style=\"clear: both\" \/><dl class='gallery-item'>\n\t\t\t<dt class='gallery-icon portrait'>\n\t\t\t\t<a href='https:\/\/www.graphein.com.br\/?attachment_id=6355'><img width=\"150\" height=\"150\" src=\"https:\/\/www.graphein.com.br\/wp-content\/uploads\/2015\/04\/congresso-autismo-4-150x150.jpg\" class=\"attachment-thumbnail size-thumbnail\" alt=\"\" loading=\"lazy\" \/><\/a>\n\t\t\t<\/dt><\/dl>\n\t\t\t<br style='clear: both' \/>\n\t\t<\/div>\n\n<iframe src=\"http:\/\/www.facebook.com\/plugins\/like.php?href=https%3A%2F%2Fwww.graphein.com.br%2F%3Fp%3D6351&amp;layout=standard&amp;show_faces=true&amp;width=450&amp;action=like&amp;colorscheme=light\" scrolling=\"no\" frameborder=\"0\" allowTransparency=\"true\" style=\"border:none; overflow:hidden; width:450px;margin-top:5px;\"><\/iframe>","protected":false},"excerpt":{"rendered":"<p>Nos dias 16 a 18 de abril, foi realizado pela ONG &#8220;Autismo &amp; Realidade&#8221; e pela UNIFESP o Congresso de Autismo na Vida Adulta que recebeu grandes profissionais da Am\u00e9rica Latina e do Brasil. O diretor do Col\u00e9gio Graphein, Josef, acompanhou de perto os temas abordados, entre eles a &#8220;abrang\u00eancia da inclus\u00e3o na vida adulta&#8221;. [&hellip;]<\/p>\n","protected":false},"author":1,"featured_media":0,"comment_status":"open","ping_status":"open","sticky":false,"template":"","format":"standard","meta":[],"categories":[2],"tags":[],"_links":{"self":[{"href":"https:\/\/www.graphein.com.br\/index.php?rest_route=\/wp\/v2\/posts\/6351"}],"collection":[{"href":"https:\/\/www.graphein.com.br\/index.php?rest_route=\/wp\/v2\/posts"}],"about":[{"href":"https:\/\/www.graphein.com.br\/index.php?rest_route=\/wp\/v2\/types\/post"}],"author":[{"embeddable":true,"href":"https:\/\/www.graphein.com.br\/index.php?rest_route=\/wp\/v2\/users\/1"}],"replies":[{"embeddable":true,"href":"https:\/\/www.graphein.com.br\/index.php?rest_route=%2Fwp%2Fv2%2Fcomments&post=6351"}],"version-history":[{"count":2,"href":"https:\/\/www.graphein.com.br\/index.php?rest_route=\/wp\/v2\/posts\/6351\/revisions"}],"predecessor-version":[{"id":6357,"href":"https:\/\/www.graphein.com.br\/index.php?rest_route=\/wp\/v2\/posts\/6351\/revisions\/6357"}],"wp:attachment":[{"href":"https:\/\/www.graphein.com.br\/index.php?rest_route=%2Fwp%2Fv2%2Fmedia&parent=6351"}],"wp:term":[{"taxonomy":"category","embeddable":true,"href":"https:\/\/www.graphein.com.br\/index.php?rest_route=%2Fwp%2Fv2%2Fcategories&post=6351"},{"taxonomy":"post_tag","embeddable":true,"href":"https:\/\/www.graphein.com.br\/index.php?rest_route=%2Fwp%2Fv2%2Ftags&post=6351"}],"curies":[{"name":"wp","href":"https:\/\/api.w.org\/{rel}","templated":true}]}}