{"id":6362,"date":"2015-05-05T13:27:47","date_gmt":"2015-05-05T13:27:47","guid":{"rendered":"http:\/\/www.graphein.com.br\/?p=6362"},"modified":"2015-05-05T13:27:47","modified_gmt":"2015-05-05T13:27:47","slug":"gincana-de-pascoa","status":"publish","type":"post","link":"https:\/\/www.graphein.com.br\/?p=6362","title":{"rendered":"GINCANA DE P\u00c1SCOA"},"content":{"rendered":"<p style=\"text-align: center;\"><strong><span style=\"color: #ff9900;\">&#8220;Coelhinho da P\u00e1scoa que trazes pra mim?<\/span><\/strong><\/p>\n<p style=\"text-align: center;\"><span style=\"color: rgb(255, 153, 0);\"><strong>1 ovo, 2 ovos, 3 ovos assim;<\/strong><\/span><\/p>\n<p style=\"text-align: center;\"><span style=\"color: rgb(255, 153, 0);\"><strong>Coelhinho da P\u00e1scoa que cor eles t\u00eam?<\/strong><\/span><\/p>\n<p style=\"text-align: center;\"><span style=\"color: rgb(255, 153, 0);\"><strong>Azul, amarelo e vermelho tamb\u00e9m!&#8221;<\/strong><\/span><\/p>\n<p style=\"text-align: center;\">\n<p>A P\u00e1scoa \u00e9 uma data marcada n\u00e3o somente pela esperan\u00e7a de uma nova vida, mas tamb\u00e9m por toda felicidade que proporciona \u00e0s crian\u00e7as e adolescentes.<\/p>\n<p>Na semana onde comemorou-se a P\u00e1scoa, o Col\u00e9gio Graphein promoveu uma gincana com brincadeiras cooperativas.<\/p>\n<p>Vestidos com coletes coloridos, as equipes do N\u00edvel I, II e Qualifica\u00e7\u00e3o Profissional participaram de diversas tarefas, dentre elas as provas denominadas: &#8220;Basquete de cenoura&#8221;, &#8220;Galinha dos ovos de ouro&#8221;, &#8220;Pac Man de roedores&#8221;, &#8220;Transporte de ovos de codorna&#8221;, etc.<\/p>\n<p>A t\u00e3o esperada prova do \u201cXaveco\u201d aconteceu com total empolga\u00e7\u00e3o dos nossos adolescentes, que empolgados pintaram nossos pequenos da Ed. Infantil.<\/p>\n<p>Ap\u00f3s a contagem total dos pontos, houve a premia\u00e7\u00e3o. A equipe vencedora foi premiada com uma cesta recheada de ovinhos de chocolate. Foi uma manh\u00e3 divertida para estudantes e educadores.<\/p>\n<p><span style=\"text-decoration: underline;\">\u00a0O grande intuito foi alcan\u00e7ado:<\/span> a equipe vencedora <strong>COMPARTILHOU<\/strong> a premia\u00e7\u00e3o com as demais equipes.<\/p>\n<p>&nbsp;<\/p>\n<p>Parab\u00e9ns a todos os envolvidos!<strong>\u00a0<\/strong><\/p>\n<p style=\"text-align: right;\"><strong>Camila D\u00b4amico<\/strong><\/p>\n<p style=\"text-align: right;\"><strong>Coord. Pedag\u00f3gica<\/strong><\/p>\n<p><strong>\u00a0<\/strong><\/p>\n\n\t\t<style type=\"text\/css\">\n\t\t\t#gallery-1 {\n\t\t\t\tmargin: auto;\n\t\t\t}\n\t\t\t#gallery-1 .gallery-item {\n\t\t\t\tfloat: left;\n\t\t\t\tmargin-top: 10px;\n\t\t\t\ttext-align: center;\n\t\t\t\twidth: 50%;\n\t\t\t}\n\t\t\t#gallery-1 img {\n\t\t\t\tborder: 2px solid #cfcfcf;\n\t\t\t}\n\t\t\t#gallery-1 .gallery-caption {\n\t\t\t\tmargin-left: 0;\n\t\t\t}\n\t\t\t\/* see gallery_shortcode() in wp-includes\/media.php *\/\n\t\t<\/style>\n\t\t<div id='gallery-1' class='gallery galleryid-6362 gallery-columns-2 gallery-size-thumbnail'><dl class='gallery-item'>\n\t\t\t<dt class='gallery-icon portrait'>\n\t\t\t\t<a href='https:\/\/www.graphein.com.br\/?attachment_id=6364'><img width=\"150\" height=\"150\" src=\"https:\/\/www.graphein.com.br\/wp-content\/uploads\/2015\/05\/DSC04742-150x150.jpg\" class=\"attachment-thumbnail size-thumbnail\" alt=\"\" loading=\"lazy\" \/><\/a>\n\t\t\t<\/dt><\/dl><dl class='gallery-item'>\n\t\t\t<dt class='gallery-icon landscape'>\n\t\t\t\t<a href='https:\/\/www.graphein.com.br\/?attachment_id=6363'><img width=\"150\" height=\"150\" src=\"https:\/\/www.graphein.com.br\/wp-content\/uploads\/2015\/05\/DSC04717-150x150.jpg\" class=\"attachment-thumbnail size-thumbnail\" alt=\"\" loading=\"lazy\" \/><\/a>\n\t\t\t<\/dt><\/dl><br style=\"clear: both\" \/>\n\t\t<\/div>\n\n<iframe src=\"http:\/\/www.facebook.com\/plugins\/like.php?href=https%3A%2F%2Fwww.graphein.com.br%2F%3Fp%3D6362&amp;layout=standard&amp;show_faces=true&amp;width=450&amp;action=like&amp;colorscheme=light\" scrolling=\"no\" frameborder=\"0\" allowTransparency=\"true\" style=\"border:none; overflow:hidden; width:450px;margin-top:5px;\"><\/iframe>","protected":false},"excerpt":{"rendered":"<p>&#8220;Coelhinho da P\u00e1scoa que trazes pra mim? 1 ovo, 2 ovos, 3 ovos assim; Coelhinho da P\u00e1scoa que cor eles t\u00eam? Azul, amarelo e vermelho tamb\u00e9m!&#8221; A P\u00e1scoa \u00e9 uma data marcada n\u00e3o somente pela esperan\u00e7a de uma nova vida, mas tamb\u00e9m por toda felicidade que proporciona \u00e0s crian\u00e7as e adolescentes. Na semana onde comemorou-se [&hellip;]<\/p>\n","protected":false},"author":1,"featured_media":0,"comment_status":"open","ping_status":"open","sticky":false,"template":"","format":"standard","meta":[],"categories":[2],"tags":[],"_links":{"self":[{"href":"https:\/\/www.graphein.com.br\/index.php?rest_route=\/wp\/v2\/posts\/6362"}],"collection":[{"href":"https:\/\/www.graphein.com.br\/index.php?rest_route=\/wp\/v2\/posts"}],"about":[{"href":"https:\/\/www.graphein.com.br\/index.php?rest_route=\/wp\/v2\/types\/post"}],"author":[{"embeddable":true,"href":"https:\/\/www.graphein.com.br\/index.php?rest_route=\/wp\/v2\/users\/1"}],"replies":[{"embeddable":true,"href":"https:\/\/www.graphein.com.br\/index.php?rest_route=%2Fwp%2Fv2%2Fcomments&post=6362"}],"version-history":[{"count":2,"href":"https:\/\/www.graphein.com.br\/index.php?rest_route=\/wp\/v2\/posts\/6362\/revisions"}],"predecessor-version":[{"id":6367,"href":"https:\/\/www.graphein.com.br\/index.php?rest_route=\/wp\/v2\/posts\/6362\/revisions\/6367"}],"wp:attachment":[{"href":"https:\/\/www.graphein.com.br\/index.php?rest_route=%2Fwp%2Fv2%2Fmedia&parent=6362"}],"wp:term":[{"taxonomy":"category","embeddable":true,"href":"https:\/\/www.graphein.com.br\/index.php?rest_route=%2Fwp%2Fv2%2Fcategories&post=6362"},{"taxonomy":"post_tag","embeddable":true,"href":"https:\/\/www.graphein.com.br\/index.php?rest_route=%2Fwp%2Fv2%2Ftags&post=6362"}],"curies":[{"name":"wp","href":"https:\/\/api.w.org\/{rel}","templated":true}]}}