{"id":6431,"date":"2015-05-07T17:19:44","date_gmt":"2015-05-07T17:19:44","guid":{"rendered":"http:\/\/www.graphein.com.br\/?p=6431"},"modified":"2015-05-19T15:56:39","modified_gmt":"2015-05-19T15:56:39","slug":"encontro-de-educadores","status":"publish","type":"post","link":"https:\/\/www.graphein.com.br\/?p=6431","title":{"rendered":"ENCONTRO DE EDUCADORES"},"content":{"rendered":"<p>\u201cEM REUNI\u00c3O PEDAG\u00d3GICA A EQUIPE T\u00c9CNICA DO COL\u00c9GIO GRAPHEIN REFLETE SOBRE A <strong>AVALIA\u00c7\u00c3O EDUCACIONAL <\/strong>DIANTE DAS SINGULARIDADES DOS ALUNOS.\u201d<\/p>\n<p>O espa\u00e7o vem sendo reservado para troca de informa\u00e7\u00f5es em torno do <strong>PROJETO SINGULAR, <\/strong>resgatando aspectos importantes do processo ensino aprendizagem, entre eles: a afetividade, o v\u00ednculo, a modalidade de aprendizagem, o centro de interesse, o processo avaliativo, entre outros.<\/p>\n<p>O texto \u201cO vestido Rosa\u201d, de autor desconhecido, conta a hist\u00f3ria de uma pequena garotinha que frequentava uma escola com fun\u00e7\u00e3o inclusiva, n\u00e3o excludente. Al\u00ed se trabalhava as perspectivas de aprendizagem sem descartar a import\u00e2ncia posicional. A primeira atitude para a transforma\u00e7\u00e3o educacional de uma escola parte do elo entre o aprender e o poder <em>viver<\/em> e <em>conviver<\/em> no \u00e2mbito escolar.<\/p>\n<p>O autor possibilita um olhar significativo ao desenvolvimento das crian\u00e7as e adolescentes na escola \u2013 suas capacidades e interesses de aprendizagem, suas condutas sociais e rea\u00e7\u00f5es emocionais, seus modos de se vincularem e suas particularidades neste processo.<\/p>\n<p>A leitura prop\u00f4s aos professores do N\u00edvel I reflex\u00f5es em grupo, com questionamentos focados na pr\u00e1tica do processo psicopedag\u00f3gico e a possibilidade de uma abordagem significativa na rela\u00e7\u00e3o entre o ensinante e o aprendente.<\/p>\n<p>Parab\u00e9ns a equipe pelos expressivos registros!<\/p>\n<p>&nbsp;<\/p>\n<p>&nbsp;<\/p>\n<p><strong>Camila D\u00b4amico<\/strong><\/p>\n<p><strong>\u00a0 Coord. Pedag\u00f3gica<\/strong><\/p>\n<p>&nbsp;<\/p>\n<p><strong>\u00a0<\/strong><\/p>\n\n\t\t<style type=\"text\/css\">\n\t\t\t#gallery-1 {\n\t\t\t\tmargin: auto;\n\t\t\t}\n\t\t\t#gallery-1 .gallery-item {\n\t\t\t\tfloat: left;\n\t\t\t\tmargin-top: 10px;\n\t\t\t\ttext-align: center;\n\t\t\t\twidth: 33%;\n\t\t\t}\n\t\t\t#gallery-1 img {\n\t\t\t\tborder: 2px solid #cfcfcf;\n\t\t\t}\n\t\t\t#gallery-1 .gallery-caption {\n\t\t\t\tmargin-left: 0;\n\t\t\t}\n\t\t\t\/* see gallery_shortcode() in wp-includes\/media.php *\/\n\t\t<\/style>\n\t\t<div id='gallery-1' class='gallery galleryid-6431 gallery-columns-3 gallery-size-thumbnail'><dl class='gallery-item'>\n\t\t\t<dt class='gallery-icon portrait'>\n\t\t\t\t<a href='https:\/\/www.graphein.com.br\/?attachment_id=6495'><img width=\"150\" height=\"150\" src=\"https:\/\/www.graphein.com.br\/wp-content\/uploads\/2015\/05\/IMG_2350-150x150.jpg\" class=\"attachment-thumbnail size-thumbnail\" alt=\"\" loading=\"lazy\" \/><\/a>\n\t\t\t<\/dt><\/dl><dl class='gallery-item'>\n\t\t\t<dt class='gallery-icon portrait'>\n\t\t\t\t<a href='https:\/\/www.graphein.com.br\/?attachment_id=6496'><img width=\"150\" height=\"150\" src=\"https:\/\/www.graphein.com.br\/wp-content\/uploads\/2015\/05\/IMG_2351-150x150.jpg\" class=\"attachment-thumbnail size-thumbnail\" alt=\"\" loading=\"lazy\" \/><\/a>\n\t\t\t<\/dt><\/dl><dl class='gallery-item'>\n\t\t\t<dt class='gallery-icon portrait'>\n\t\t\t\t<a href='https:\/\/www.graphein.com.br\/?attachment_id=6497'><img width=\"150\" height=\"150\" src=\"https:\/\/www.graphein.com.br\/wp-content\/uploads\/2015\/05\/IMG_2352-150x150.jpg\" class=\"attachment-thumbnail size-thumbnail\" alt=\"\" loading=\"lazy\" \/><\/a>\n\t\t\t<\/dt><\/dl><br style=\"clear: both\" \/><dl class='gallery-item'>\n\t\t\t<dt class='gallery-icon portrait'>\n\t\t\t\t<a href='https:\/\/www.graphein.com.br\/?attachment_id=6498'><img width=\"150\" height=\"150\" src=\"https:\/\/www.graphein.com.br\/wp-content\/uploads\/2015\/05\/IMG_2354-150x150.jpg\" class=\"attachment-thumbnail size-thumbnail\" alt=\"\" loading=\"lazy\" \/><\/a>\n\t\t\t<\/dt><\/dl><dl class='gallery-item'>\n\t\t\t<dt class='gallery-icon portrait'>\n\t\t\t\t<a href='https:\/\/www.graphein.com.br\/?attachment_id=6499'><img width=\"150\" height=\"150\" src=\"https:\/\/www.graphein.com.br\/wp-content\/uploads\/2015\/05\/IMG_2355-150x150.jpg\" class=\"attachment-thumbnail size-thumbnail\" alt=\"\" loading=\"lazy\" \/><\/a>\n\t\t\t<\/dt><\/dl><dl class='gallery-item'>\n\t\t\t<dt class='gallery-icon portrait'>\n\t\t\t\t<a href='https:\/\/www.graphein.com.br\/?attachment_id=6500'><img width=\"150\" height=\"150\" src=\"https:\/\/www.graphein.com.br\/wp-content\/uploads\/2015\/05\/IMG_5693-150x150.jpg\" class=\"attachment-thumbnail size-thumbnail\" alt=\"\" loading=\"lazy\" \/><\/a>\n\t\t\t<\/dt><\/dl><br style=\"clear: both\" \/>\n\t\t<\/div>\n\n<p>&nbsp;<\/p>\n<iframe src=\"http:\/\/www.facebook.com\/plugins\/like.php?href=https%3A%2F%2Fwww.graphein.com.br%2F%3Fp%3D6431&amp;layout=standard&amp;show_faces=true&amp;width=450&amp;action=like&amp;colorscheme=light\" scrolling=\"no\" frameborder=\"0\" allowTransparency=\"true\" style=\"border:none; overflow:hidden; width:450px;margin-top:5px;\"><\/iframe>","protected":false},"excerpt":{"rendered":"<p>\u201cEM REUNI\u00c3O PEDAG\u00d3GICA A EQUIPE T\u00c9CNICA DO COL\u00c9GIO GRAPHEIN REFLETE SOBRE A AVALIA\u00c7\u00c3O EDUCACIONAL DIANTE DAS SINGULARIDADES DOS ALUNOS.\u201d O espa\u00e7o vem sendo reservado para troca de informa\u00e7\u00f5es em torno do PROJETO SINGULAR, resgatando aspectos importantes do processo ensino aprendizagem, entre eles: a afetividade, o v\u00ednculo, a modalidade de aprendizagem, o centro de interesse, o [&hellip;]<\/p>\n","protected":false},"author":1,"featured_media":0,"comment_status":"open","ping_status":"open","sticky":false,"template":"","format":"standard","meta":[],"categories":[2],"tags":[],"_links":{"self":[{"href":"https:\/\/www.graphein.com.br\/index.php?rest_route=\/wp\/v2\/posts\/6431"}],"collection":[{"href":"https:\/\/www.graphein.com.br\/index.php?rest_route=\/wp\/v2\/posts"}],"about":[{"href":"https:\/\/www.graphein.com.br\/index.php?rest_route=\/wp\/v2\/types\/post"}],"author":[{"embeddable":true,"href":"https:\/\/www.graphein.com.br\/index.php?rest_route=\/wp\/v2\/users\/1"}],"replies":[{"embeddable":true,"href":"https:\/\/www.graphein.com.br\/index.php?rest_route=%2Fwp%2Fv2%2Fcomments&post=6431"}],"version-history":[{"count":3,"href":"https:\/\/www.graphein.com.br\/index.php?rest_route=\/wp\/v2\/posts\/6431\/revisions"}],"predecessor-version":[{"id":6502,"href":"https:\/\/www.graphein.com.br\/index.php?rest_route=\/wp\/v2\/posts\/6431\/revisions\/6502"}],"wp:attachment":[{"href":"https:\/\/www.graphein.com.br\/index.php?rest_route=%2Fwp%2Fv2%2Fmedia&parent=6431"}],"wp:term":[{"taxonomy":"category","embeddable":true,"href":"https:\/\/www.graphein.com.br\/index.php?rest_route=%2Fwp%2Fv2%2Fcategories&post=6431"},{"taxonomy":"post_tag","embeddable":true,"href":"https:\/\/www.graphein.com.br\/index.php?rest_route=%2Fwp%2Fv2%2Ftags&post=6431"}],"curies":[{"name":"wp","href":"https:\/\/api.w.org\/{rel}","templated":true}]}}