{"id":6847,"date":"2015-09-22T18:02:20","date_gmt":"2015-09-22T18:02:20","guid":{"rendered":"http:\/\/www.graphein.com.br\/?p=6847"},"modified":"2015-09-22T18:16:37","modified_gmt":"2015-09-22T18:16:37","slug":"dislexia-recomendacoes","status":"publish","type":"post","link":"https:\/\/www.graphein.com.br\/?p=6847","title":{"rendered":"DISLEXIA- Recomenda\u00e7\u00f5es"},"content":{"rendered":"<p><strong>Semana da Dislexia<\/strong><\/p>\n<p><strong>DISLEXIA- Recomenda\u00e7\u00f5es<\/strong><\/p>\n<p><strong>\u00a0<\/strong><\/p>\n<p>Algumas dificuldades que as crian\u00e7as podem apresentar durante a alfabetiza\u00e7\u00e3o s\u00f3 ocorrem porque s\u00e3o pequenas e imaturas e ainda n\u00e3o est\u00e3o prontas para iniciar o processo de leitura e escrita. Se as dificuldades persistirem, o ideal \u00e9 encaminhar a crian\u00e7a para avalia\u00e7\u00e3o por profissionais capacitados;<\/p>\n<p>O diagn\u00f3stico de dislexia n\u00e3o significa que a crian\u00e7a seja menos inteligente; significa apenas que \u00e9 portadora de um dist\u00farbio que pode ser corrigido ou atenuado;<\/p>\n<p>O tratamento da dislexia pressup\u00f5e um processo longo que demanda persist\u00eancia;<\/p>\n<p>Portadores de dislexia devem dar prefer\u00eancia a escolas preparadas para atender suas necessidades espec\u00edficas;<\/p>\n<p>Saber que a pessoa \u00e9 portadora de dislexia e as caracter\u00edsticas do dist\u00farbio \u00e9 o melhor caminho para evitar preju\u00edzos no desempenho escolar e social e os r\u00f3tulos depreciativos que levam \u00e0 baixa-estima.<\/p>\n<p style=\"text-align: right;\"><strong>Equipe Graphein<\/strong><\/p>\n<iframe src=\"http:\/\/www.facebook.com\/plugins\/like.php?href=https%3A%2F%2Fwww.graphein.com.br%2F%3Fp%3D6847&amp;layout=standard&amp;show_faces=true&amp;width=450&amp;action=like&amp;colorscheme=light\" scrolling=\"no\" frameborder=\"0\" allowTransparency=\"true\" style=\"border:none; overflow:hidden; width:450px;margin-top:5px;\"><\/iframe>","protected":false},"excerpt":{"rendered":"<p>Semana da Dislexia DISLEXIA- Recomenda\u00e7\u00f5es \u00a0 Algumas dificuldades que as crian\u00e7as podem apresentar durante a alfabetiza\u00e7\u00e3o s\u00f3 ocorrem porque s\u00e3o pequenas e imaturas e ainda n\u00e3o est\u00e3o prontas para iniciar o processo de leitura e escrita. Se as dificuldades persistirem, o ideal \u00e9 encaminhar a crian\u00e7a para avalia\u00e7\u00e3o por profissionais capacitados; O diagn\u00f3stico de dislexia [&hellip;]<\/p>\n","protected":false},"author":1,"featured_media":0,"comment_status":"open","ping_status":"open","sticky":false,"template":"","format":"standard","meta":[],"categories":[2],"tags":[],"_links":{"self":[{"href":"https:\/\/www.graphein.com.br\/index.php?rest_route=\/wp\/v2\/posts\/6847"}],"collection":[{"href":"https:\/\/www.graphein.com.br\/index.php?rest_route=\/wp\/v2\/posts"}],"about":[{"href":"https:\/\/www.graphein.com.br\/index.php?rest_route=\/wp\/v2\/types\/post"}],"author":[{"embeddable":true,"href":"https:\/\/www.graphein.com.br\/index.php?rest_route=\/wp\/v2\/users\/1"}],"replies":[{"embeddable":true,"href":"https:\/\/www.graphein.com.br\/index.php?rest_route=%2Fwp%2Fv2%2Fcomments&post=6847"}],"version-history":[{"count":4,"href":"https:\/\/www.graphein.com.br\/index.php?rest_route=\/wp\/v2\/posts\/6847\/revisions"}],"predecessor-version":[{"id":6851,"href":"https:\/\/www.graphein.com.br\/index.php?rest_route=\/wp\/v2\/posts\/6847\/revisions\/6851"}],"wp:attachment":[{"href":"https:\/\/www.graphein.com.br\/index.php?rest_route=%2Fwp%2Fv2%2Fmedia&parent=6847"}],"wp:term":[{"taxonomy":"category","embeddable":true,"href":"https:\/\/www.graphein.com.br\/index.php?rest_route=%2Fwp%2Fv2%2Fcategories&post=6847"},{"taxonomy":"post_tag","embeddable":true,"href":"https:\/\/www.graphein.com.br\/index.php?rest_route=%2Fwp%2Fv2%2Ftags&post=6847"}],"curies":[{"name":"wp","href":"https:\/\/api.w.org\/{rel}","templated":true}]}}