{"id":6855,"date":"2015-09-24T16:45:29","date_gmt":"2015-09-24T16:45:29","guid":{"rendered":"http:\/\/www.graphein.com.br\/?p=6855"},"modified":"2015-09-24T16:46:18","modified_gmt":"2015-09-24T16:46:18","slug":"dislexia-diagnostico","status":"publish","type":"post","link":"https:\/\/www.graphein.com.br\/?p=6855","title":{"rendered":"DISLEXIA- Diagn\u00f3stico"},"content":{"rendered":"<p><strong>Semana da Dislexia<\/strong><\/p>\n<p><strong>DISLEXIA- Diagn\u00f3stico<\/strong><\/p>\n<p>&nbsp;<\/p>\n<p>Antes de afirmar que uma pessoa \u00e9 disl\u00e9xica, \u00e9 preciso descartar a ocorr\u00eancia de defici\u00eancias visuais e auditivas, d\u00e9ficit de aten\u00e7\u00e3o, escolariza\u00e7\u00e3o inadequada, problemas emocionais, psicol\u00f3gicos e socioecon\u00f4micos que possam interferir na aprendizagem.<\/p>\n<p>\u00c9 de extrema import\u00e2ncia estabelecer o diagn\u00f3stico precoce para evitar que sejam atribu\u00eddos aos portadores do transtorno r\u00f3tulos depreciativos, com reflexos negativos sobre sua auto estima e projeto de vida.<\/p>\n<p>O diagn\u00f3stico \u00e9 feito por exclus\u00e3o, em geral por equipe multidisciplinar:<\/p>\n<p>&#8211; \u00a0M\u00e9dico;<\/p>\n<p>&#8211; \u00a0Psic\u00f3logo;<\/p>\n<p>&#8211; Psicopedagogo;<\/p>\n<p>&#8211; Fonoaudi\u00f3logo;<\/p>\n<p>&#8211; Neurologista.<\/p>\n<p>&nbsp;<\/p>\n<p style=\"text-align: right;\"><strong>Equipe Graphein<\/strong><\/p>\n<iframe src=\"http:\/\/www.facebook.com\/plugins\/like.php?href=https%3A%2F%2Fwww.graphein.com.br%2F%3Fp%3D6855&amp;layout=standard&amp;show_faces=true&amp;width=450&amp;action=like&amp;colorscheme=light\" scrolling=\"no\" frameborder=\"0\" allowTransparency=\"true\" style=\"border:none; overflow:hidden; width:450px;margin-top:5px;\"><\/iframe>","protected":false},"excerpt":{"rendered":"<p>Semana da Dislexia DISLEXIA- Diagn\u00f3stico &nbsp; Antes de afirmar que uma pessoa \u00e9 disl\u00e9xica, \u00e9 preciso descartar a ocorr\u00eancia de defici\u00eancias visuais e auditivas, d\u00e9ficit de aten\u00e7\u00e3o, escolariza\u00e7\u00e3o inadequada, problemas emocionais, psicol\u00f3gicos e socioecon\u00f4micos que possam interferir na aprendizagem. \u00c9 de extrema import\u00e2ncia estabelecer o diagn\u00f3stico precoce para evitar que sejam atribu\u00eddos aos portadores do [&hellip;]<\/p>\n","protected":false},"author":1,"featured_media":0,"comment_status":"open","ping_status":"open","sticky":false,"template":"","format":"standard","meta":[],"categories":[2],"tags":[],"_links":{"self":[{"href":"https:\/\/www.graphein.com.br\/index.php?rest_route=\/wp\/v2\/posts\/6855"}],"collection":[{"href":"https:\/\/www.graphein.com.br\/index.php?rest_route=\/wp\/v2\/posts"}],"about":[{"href":"https:\/\/www.graphein.com.br\/index.php?rest_route=\/wp\/v2\/types\/post"}],"author":[{"embeddable":true,"href":"https:\/\/www.graphein.com.br\/index.php?rest_route=\/wp\/v2\/users\/1"}],"replies":[{"embeddable":true,"href":"https:\/\/www.graphein.com.br\/index.php?rest_route=%2Fwp%2Fv2%2Fcomments&post=6855"}],"version-history":[{"count":2,"href":"https:\/\/www.graphein.com.br\/index.php?rest_route=\/wp\/v2\/posts\/6855\/revisions"}],"predecessor-version":[{"id":6857,"href":"https:\/\/www.graphein.com.br\/index.php?rest_route=\/wp\/v2\/posts\/6855\/revisions\/6857"}],"wp:attachment":[{"href":"https:\/\/www.graphein.com.br\/index.php?rest_route=%2Fwp%2Fv2%2Fmedia&parent=6855"}],"wp:term":[{"taxonomy":"category","embeddable":true,"href":"https:\/\/www.graphein.com.br\/index.php?rest_route=%2Fwp%2Fv2%2Fcategories&post=6855"},{"taxonomy":"post_tag","embeddable":true,"href":"https:\/\/www.graphein.com.br\/index.php?rest_route=%2Fwp%2Fv2%2Ftags&post=6855"}],"curies":[{"name":"wp","href":"https:\/\/api.w.org\/{rel}","templated":true}]}}