{"id":7111,"date":"2015-10-15T18:37:40","date_gmt":"2015-10-15T18:37:40","guid":{"rendered":"http:\/\/www.graphein.com.br\/?p=7111"},"modified":"2015-10-16T13:39:06","modified_gmt":"2015-10-16T13:39:06","slug":"7111","status":"publish","type":"post","link":"https:\/\/www.graphein.com.br\/?p=7111","title":{"rendered":"FELIZ DIA DOS PROFESSORES"},"content":{"rendered":"<p>O Col\u00e9gio Graphein junto de alguns depoimentos dos pais, vem homenagear todos os professores neste dia!<\/p>\n<p><strong>FELIZ DIA DOS PROFESSORES!<\/strong><\/p>\n<p>&nbsp;<\/p>\n<p><span style=\"text-decoration: underline;\">Vejam os depoimentos dos pais abaixo:<\/span><\/p>\n<p>&nbsp;<\/p>\n<p>\u201cOl\u00e1 equipe Graphein.<\/p>\n<p>Aproveitando o dia dos Professores, gostar\u00edamos de agradecer \u00e0 todos, pelo carinho e dedica\u00e7\u00e3o com o nosso filho!<\/p>\n<p>V\u00ea-lo entrar na escola, como ontem, feliz, sorrindo e empurrando a cadeira por que quer entrar logo\u2026 N\u00c3O TEM PRE\u00c7O!<\/p>\n<p>Estou enviando algumas lembran\u00e7as, apenas simb\u00f3licas, pois l\u00f3gico que mereciam muito mais\u2026 e pe\u00e7o desculpas aqueles que n\u00e3o tenho muito contato ou n\u00e3o conhe\u00e7o pessoalmente. NOSSO MUITO OBRIGADO \u00c0 TODOS\u203c!<\/p>\n<p><strong>D. N\u00edvea:<\/strong> Obrigada por essa escola maravilhosa, organizada\u2026 e por esta equipe brilhante!<\/p>\n<p><strong>Telma querida<\/strong>\u2026 voc\u00ea \u00e9 a m\u00e3e dele no per\u00edodo da tarde! Ele e n\u00f3s sentiremos sua falta!<\/p>\n<p><strong>Josef e Camila<\/strong>, obrigada por nos deixar sempre t\u00e3o \u00e0 vontade! Obrigada pela parceria.<\/p>\n<p><strong>Sr Roberto e Marc\u00e3o<\/strong>, obrigada pelo esfor\u00e7o, carinho e dedica\u00e7\u00e3o\u203c! Muito Obrigada!<\/p>\n<p>Ficaremos um tempinho longe, mas se Deus quiser voltaremos daqui 2 anos! Nos aguardem!<\/p>\n<p>Grande abra\u00e7o \u00e0 todos.\u201d<\/p>\n<p><strong>M\u00e3e de estudante <\/strong><\/p>\n<p>&nbsp;<\/p>\n<p>\u201cTelma!<\/p>\n<p>Feliz dia dos Professores!<\/p>\n<p>Obrigada por ajudar nossa filha, ela te adora!<\/p>\n<p>Estou mandando um presentinho\u203c!\u201d \u2013 \u00a0<strong>M\u00e3e de estudante <\/strong><\/p>\n<p>&nbsp;<\/p>\n<p>\u201cParab\u00e9ns Telma\u203c!<\/p>\n<p>Voc\u00ea \u00e9 um exemplo do que \u00e9 ser professora!<\/p>\n<p>Exemplo de amor por ensinar\u2026<\/p>\n<p>Te adoramos! &#8211; <strong>M\u00e3e de estudante <\/strong><\/p>\n<p>\u201cBom dia<\/p>\n<p>Gostaria de parabenizar todos os professores do Graphein pelo seu dia.<\/p>\n<p>Considero profissionais estritamente dedicados, pois durante todos esses anos que meu filho est\u00e1 com voc\u00eas sinto o carinho e dedica\u00e7\u00e3o de cada profissional.<\/p>\n<p>Com certeza, meu filho evoluiu muito com voc\u00eas!<\/p>\n<p>O trabalho de voc\u00eas \u00e9 fant\u00e1stico!<\/p>\n<p>Muito obrigado a todos.<\/p>\n<p>Abra\u00e7os.\u201d <strong>Pai de Estudante <\/strong><\/p>\n<p>&nbsp;<\/p>\n<p>\u201cCoord. Camila,<\/p>\n<p>Obrigada pela dedica\u00e7\u00e3o!<\/p>\n<p>Pelo Carinho!<\/p>\n<p>Parab\u00e9ns pelo dia!\u201d <strong>M\u00e3e de estudante <\/strong><\/p>\n<p>&nbsp;<\/p>\n<p>\u201cProfessora Gabriela<\/p>\n<p>Feliz dia dos Professores\u203c! \u00a0\u2019\u2019 <strong>M\u00e3e de estudante<\/strong><\/p>\n<p>&nbsp;<\/p>\n<p>\u201cGabriela, bom dia!<\/p>\n<p>Queria parabeniz\u00e1-la por seu dia (15\/10), afinal, sei o quanto se dedica \u00e0 minha filha e aos outros tamb\u00e9m.<\/p>\n<p>Parab\u00e9ns pela sua bela, nobre e desafiante profiss\u00e3o.\u201d &#8211; <strong>M\u00e3e de estudante\u00a0<\/strong><\/p>\n<p>&nbsp;<\/p>\n<p>\u201cTelma,<\/p>\n<p>Gostaria de agradecer todos os profissionais que trabalham com meu neto e em especial \u00e0 voc\u00ea!<\/p>\n<p>Parab\u00e9ns pela dedica\u00e7\u00e3o, empenho e profissionalismo com o qual lida com ele.<\/p>\n<p>Ser professor \u00e9 f\u00e1cil, eu tamb\u00e9m sou! Dif\u00edcil \u00e9 persistir na profiss\u00e3o com t\u00e3o pouco reconhecimento e com tanta dedica\u00e7\u00e3o.<\/p>\n<p>Eu n\u00e3o tive garra, nem essa coragem.<\/p>\n<p>Parab\u00e9ns! Receba meu carinho! &#8221; &#8211; \u00a0<strong>M\u00e3e do estudante<\/strong><\/p>\n<p>&nbsp;<\/p>\n<p>\u201cPr\u00f4 Gabriela, bom dia!<\/p>\n<p>Feliz dia dos professores!!!<\/p>\n<p>Que Deus te aben\u00e7oe sempre e guie seus passos em sua jornada profissional!\u201d &#8211; <strong>M\u00e3e de estudante<\/strong><\/p>\n<p>&nbsp;<\/p>\n<p>&nbsp;<\/p>\n<p>&nbsp;<\/p>\n<p><a href=\"http:\/\/www.graphein.com.br\/wp-content\/uploads\/2015\/10\/dia-dos-professores.jpg\"><img loading=\"lazy\" class=\"wp-image-7112 aligncenter\" src=\"http:\/\/www.graphein.com.br\/wp-content\/uploads\/2015\/10\/dia-dos-professores-300x200.jpg\" alt=\"dia dos professores\" width=\"389\" height=\"259\" srcset=\"https:\/\/www.graphein.com.br\/wp-content\/uploads\/2015\/10\/dia-dos-professores-300x200.jpg 300w, https:\/\/www.graphein.com.br\/wp-content\/uploads\/2015\/10\/dia-dos-professores-1024x683.jpg 1024w\" sizes=\"(max-width: 389px) 100vw, 389px\" \/><\/a><\/p>\n<p style=\"text-align: right;\">Equipe Graphein<\/p>\n<iframe src=\"http:\/\/www.facebook.com\/plugins\/like.php?href=https%3A%2F%2Fwww.graphein.com.br%2F%3Fp%3D7111&amp;layout=standard&amp;show_faces=true&amp;width=450&amp;action=like&amp;colorscheme=light\" scrolling=\"no\" frameborder=\"0\" allowTransparency=\"true\" style=\"border:none; overflow:hidden; width:450px;margin-top:5px;\"><\/iframe>","protected":false},"excerpt":{"rendered":"<p>O Col\u00e9gio Graphein junto de alguns depoimentos dos pais, vem homenagear todos os professores neste dia! FELIZ DIA DOS PROFESSORES! &nbsp; Vejam os depoimentos dos pais abaixo: &nbsp; \u201cOl\u00e1 equipe Graphein. Aproveitando o dia dos Professores, gostar\u00edamos de agradecer \u00e0 todos, pelo carinho e dedica\u00e7\u00e3o com o nosso filho! V\u00ea-lo entrar na escola, como ontem, [&hellip;]<\/p>\n","protected":false},"author":1,"featured_media":0,"comment_status":"open","ping_status":"open","sticky":false,"template":"","format":"standard","meta":[],"categories":[2],"tags":[],"_links":{"self":[{"href":"https:\/\/www.graphein.com.br\/index.php?rest_route=\/wp\/v2\/posts\/7111"}],"collection":[{"href":"https:\/\/www.graphein.com.br\/index.php?rest_route=\/wp\/v2\/posts"}],"about":[{"href":"https:\/\/www.graphein.com.br\/index.php?rest_route=\/wp\/v2\/types\/post"}],"author":[{"embeddable":true,"href":"https:\/\/www.graphein.com.br\/index.php?rest_route=\/wp\/v2\/users\/1"}],"replies":[{"embeddable":true,"href":"https:\/\/www.graphein.com.br\/index.php?rest_route=%2Fwp%2Fv2%2Fcomments&post=7111"}],"version-history":[{"count":4,"href":"https:\/\/www.graphein.com.br\/index.php?rest_route=\/wp\/v2\/posts\/7111\/revisions"}],"predecessor-version":[{"id":7116,"href":"https:\/\/www.graphein.com.br\/index.php?rest_route=\/wp\/v2\/posts\/7111\/revisions\/7116"}],"wp:attachment":[{"href":"https:\/\/www.graphein.com.br\/index.php?rest_route=%2Fwp%2Fv2%2Fmedia&parent=7111"}],"wp:term":[{"taxonomy":"category","embeddable":true,"href":"https:\/\/www.graphein.com.br\/index.php?rest_route=%2Fwp%2Fv2%2Fcategories&post=7111"},{"taxonomy":"post_tag","embeddable":true,"href":"https:\/\/www.graphein.com.br\/index.php?rest_route=%2Fwp%2Fv2%2Ftags&post=7111"}],"curies":[{"name":"wp","href":"https:\/\/api.w.org\/{rel}","templated":true}]}}