{"id":7524,"date":"2016-03-02T17:34:32","date_gmt":"2016-03-02T17:34:32","guid":{"rendered":"http:\/\/www.graphein.com.br\/?p=7524"},"modified":"2016-03-04T15:48:35","modified_gmt":"2016-03-04T15:48:35","slug":"escolas-levam-aedes-para-salas-de-aula-na-capital-paulista","status":"publish","type":"post","link":"https:\/\/www.graphein.com.br\/?p=7524","title":{"rendered":"Escolas levam &#8216;Aedes&#8217; para salas de aula na capital paulista"},"content":{"rendered":"<p class=\" \">S\u00c3O PAULO &#8211; \u00a0Depois de ter invadido as casas e provocado o medo da transmiss\u00e3o da dengue, zika e chikungunya, o Aedes aegypti entrou nas salas de aula de col\u00e9gios particulares de S\u00e3o Paulo como tema para projetos multidisciplinares. O mosquito \u00e9 assunto n\u00e3o s\u00f3 na disciplina de biologia, mas tamb\u00e9m de geografia, matem\u00e1tica, artes e inform\u00e1tica.<\/p>\n<p class=\" \">No Col\u00e9gio Santi, no Para\u00edso, zona sul da capital, o combate ao mosquito \u00e9 o tema de projetos para todos os alunos do ensino fundamental 2 (6\u00ba ao 9\u00ba ano). &#8220;\u00c9 um tema de extrema import\u00e2ncia, que est\u00e1 muito pr\u00f3ximo dos alunos, e por isso causa uma curiosidade muito grande. Os alunos est\u00e3o muito empolgados com os projetos que est\u00e3o desenvolvendo&#8221;, disse Stefan Bovolon, professor de ci\u00eancias naturais.<\/p>\n<p>Cada uma das s\u00e9ries estuda um aspecto relacionado ao mosquito. Os estudantes do 6\u00ba ano, por exemplo, pesquisam como cada pa\u00eds est\u00e1 agindo para combater o Aedes e o v\u00edrus da zika.<\/p>\n<p>J\u00e1 os do 8.\u00ba ano estudam a liga\u00e7\u00e3o do v\u00edrus com os casos de microcefalia registrados no Brasil e seu poss\u00edvel impacto nas taxas de natalidade nos pr\u00f3ximos anos. &#8220;O objetivo do projeto \u00e9 cruzarmos as disciplinas e fazer com que os alunos pensem o assunto de uma maneira global, tenham uma opini\u00e3o cr\u00edtica sobre o que est\u00e1 acontecendo&#8221;, disse Bovolon.<\/p>\n<p>Os estudantes tamb\u00e9m sa\u00edram \u00e0s ruas do bairro para informar a popula\u00e7\u00e3o sobre o que aprenderam na escola. &#8220;Conversei com alguns vizinhos e eles n\u00e3o sabiam coisas b\u00e1sicas sobre o que poderia ou n\u00e3o ser foco do mosquito, como era a transmiss\u00e3o da doen\u00e7a. \u00c9 muito legal que eu saiba tudo isso e possa ajudar outras pessoas, d\u00e1 vontade de estudar assim&#8221;, contou o aluno do 8\u00ba ano Eric Uhlendorff, de 13 anos. Com o interesse estudantil, o projeto, que deveria durar de tr\u00eas a quatro semanas, deve estender-se at\u00e9 o segundo semestre.<\/p>\n<p><strong style=\"font-style: inherit;\">Pr\u00e1tica<\/strong><\/p>\n<p>No Col\u00e9gio Peretz, na Vila Clementino, tamb\u00e9m na zona sul, o combate ao mosquito \u00e9 tema para iniciativas dentro e fora da escola. Os alunos de 6\u00ba ano, por exemplo, montaram uma parede verde com mudas de crotal\u00e1ria, planta que teria capacidade para atrair uma esp\u00e9cie de lib\u00e9lula, predadora natural do Aedes &#8211; cuja efic\u00e1cia ainda n\u00e3o est\u00e1 comprovada .<\/p>\n<p>J\u00e1 estudantes do 7\u00ba ano est\u00e3o produzindo v\u00eddeos e os do 8\u00ba, panfletos com dicas para combater o mosquito e orienta\u00e7\u00f5es sobre os sintomas das doen\u00e7as. Armadilhas para capturar o mosquito tamb\u00e9m foram espalhadas pela escola.<\/p>\n<p>&#8220;Os alunos perceberam que esse problema est\u00e1 muito mais perto deles do que imaginavam, porque alguns achavam que o mosquito s\u00f3 estava presente em bairros afastados. Isso fez com que ficassem mais curiosos em sala de aula, alguns at\u00e9 querem avan\u00e7ar no conte\u00fado&#8221;, contou Marcos Muhlpointner, professor e coordenador de ci\u00eancias naturais da escola.<\/p>\n<p class=\" \">No Col\u00e9gio Graphein, em Perdizes, zona oeste, os projetos envolvem os alunos do ensino infantil at\u00e9 o m\u00e9dio. Os pequenos discutem sobre o mosquito em rodas de hist\u00f3ria. Os alunos do ensino fundamental (do 1\u00ba ao 9\u00ba ano) desenvolvem projetos de conscientiza\u00e7\u00e3o na aula de inform\u00e1tica para os pais e a vizinhan\u00e7a. No ensino m\u00e9dio, professores prop\u00f5em discuss\u00f5es com base em reportagens e pesquisas sobre as doen\u00e7as transmitidas pelo Aedes.<\/p>\n<div id=\"slimRodapeGaleria\" class=\"slimGaleria\">\n<div class=\"ws-slot\" style=\"font-weight: inherit; font-style: inherit;\">&#8220;No ensino m\u00e9dio, os alunos fizeram gr\u00e1ficos e atividades com os n\u00fameros de beb\u00eas com microcefalia. Depois, discutiram como vai ser a qualidade de vida dessas crian\u00e7as. Queremos que nossos alunos sejam mais cr\u00edticos, mais cuidadosos&#8221;, disse Camila D\u2019Amico, coordenadora pedag\u00f3gica.<\/div>\n<\/div>\n<p>No Col\u00e9gio Santa Maria, Jardim Taquaral, zona sul, o curr\u00edculo do 6\u00ba ano prev\u00ea que os alunos aprendam sobre o ciclo de vida dos seres vivos. Para este ano n\u00e3o houve d\u00favida: o Aedes \u00e9 o foco de estudo. &#8220;Montamos armadilhas para que eles pudessem ver de perto o mosquito e seu desenvolvimento. Mas eles j\u00e1 o conheciam muito bem, alguns at\u00e9 j\u00e1 tinham tido dengue&#8221;, explicou Simei de Souza, professor de ci\u00eancias.<\/p>\n<p>Segundo Souza, a escola tem optado cada vez mais por usar temas do cotidiano estudantil para estimular discuss\u00f5es. &#8220;Queremos alunos menos conceituais, mas mais habilidosos&#8221;, disse.<\/p>\n<p>&nbsp;<\/p>\n\n\t\t<style type=\"text\/css\">\n\t\t\t#gallery-1 {\n\t\t\t\tmargin: auto;\n\t\t\t}\n\t\t\t#gallery-1 .gallery-item {\n\t\t\t\tfloat: left;\n\t\t\t\tmargin-top: 10px;\n\t\t\t\ttext-align: center;\n\t\t\t\twidth: 50%;\n\t\t\t}\n\t\t\t#gallery-1 img {\n\t\t\t\tborder: 2px solid #cfcfcf;\n\t\t\t}\n\t\t\t#gallery-1 .gallery-caption {\n\t\t\t\tmargin-left: 0;\n\t\t\t}\n\t\t\t\/* see gallery_shortcode() in wp-includes\/media.php *\/\n\t\t<\/style>\n\t\t<div id='gallery-1' class='gallery galleryid-7524 gallery-columns-2 gallery-size-thumbnail'><dl class='gallery-item'>\n\t\t\t<dt class='gallery-icon landscape'>\n\t\t\t\t<a href='https:\/\/www.graphein.com.br\/?attachment_id=7531'><img width=\"150\" height=\"150\" src=\"https:\/\/www.graphein.com.br\/wp-content\/uploads\/2016\/03\/DSC02694-150x150.jpg\" class=\"attachment-thumbnail size-thumbnail\" alt=\"\" loading=\"lazy\" \/><\/a>\n\t\t\t<\/dt><\/dl><dl class='gallery-item'>\n\t\t\t<dt class='gallery-icon landscape'>\n\t\t\t\t<a href='https:\/\/www.graphein.com.br\/?attachment_id=7530'><img width=\"150\" height=\"150\" src=\"https:\/\/www.graphein.com.br\/wp-content\/uploads\/2016\/03\/DSC02704-150x150.jpg\" class=\"attachment-thumbnail size-thumbnail\" alt=\"\" loading=\"lazy\" \/><\/a>\n\t\t\t<\/dt><\/dl><br style=\"clear: both\" \/><dl class='gallery-item'>\n\t\t\t<dt class='gallery-icon landscape'>\n\t\t\t\t<a href='https:\/\/www.graphein.com.br\/?attachment_id=7529'><img width=\"150\" height=\"150\" src=\"https:\/\/www.graphein.com.br\/wp-content\/uploads\/2016\/03\/DSC02716-150x150.jpg\" class=\"attachment-thumbnail size-thumbnail\" alt=\"\" loading=\"lazy\" \/><\/a>\n\t\t\t<\/dt><\/dl><dl class='gallery-item'>\n\t\t\t<dt class='gallery-icon landscape'>\n\t\t\t\t<a href='https:\/\/www.graphein.com.br\/?attachment_id=7532'><img width=\"150\" height=\"150\" src=\"https:\/\/www.graphein.com.br\/wp-content\/uploads\/2016\/03\/aeca60a40b5485530e2b54015cf97f58-150x150.jpg\" class=\"attachment-thumbnail size-thumbnail\" alt=\"\" loading=\"lazy\" \/><\/a>\n\t\t\t<\/dt><\/dl><br style=\"clear: both\" \/><dl class='gallery-item'>\n\t\t\t<dt class='gallery-icon landscape'>\n\t\t\t\t<a href='https:\/\/www.graphein.com.br\/?attachment_id=7525'><img width=\"150\" height=\"150\" src=\"https:\/\/www.graphein.com.br\/wp-content\/uploads\/2016\/03\/09465929022016_estadao290216-150x150.jpg\" class=\"attachment-thumbnail size-thumbnail\" alt=\"\" loading=\"lazy\" \/><\/a>\n\t\t\t<\/dt><\/dl>\n\t\t\t<br style='clear: both' \/>\n\t\t<\/div>\n\n<p><span style=\"color: #000000;\">Leia Mais:<\/span><a href=\"http:\/\/educacao.estadao.com.br\/noticias\/geral,escolas-levam-aedes-para-sala-de-aula,10000018792\">http:\/\/educacao.estadao.com.br\/noticias\/geral,escolas-levam-aedes-para-sala-de-aula,10000018792<\/a><\/p>\n<iframe src=\"http:\/\/www.facebook.com\/plugins\/like.php?href=https%3A%2F%2Fwww.graphein.com.br%2F%3Fp%3D7524&amp;layout=standard&amp;show_faces=true&amp;width=450&amp;action=like&amp;colorscheme=light\" scrolling=\"no\" frameborder=\"0\" allowTransparency=\"true\" style=\"border:none; overflow:hidden; width:450px;margin-top:5px;\"><\/iframe>","protected":false},"excerpt":{"rendered":"<p>S\u00c3O PAULO &#8211; \u00a0Depois de ter invadido as casas e provocado o medo da transmiss\u00e3o da dengue, zika e chikungunya, o Aedes aegypti entrou nas salas de aula de col\u00e9gios particulares de S\u00e3o Paulo como tema para projetos multidisciplinares. O mosquito \u00e9 assunto n\u00e3o s\u00f3 na disciplina de biologia, mas tamb\u00e9m de geografia, matem\u00e1tica, artes [&hellip;]<\/p>\n","protected":false},"author":1,"featured_media":0,"comment_status":"open","ping_status":"open","sticky":false,"template":"","format":"standard","meta":[],"categories":[2],"tags":[],"_links":{"self":[{"href":"https:\/\/www.graphein.com.br\/index.php?rest_route=\/wp\/v2\/posts\/7524"}],"collection":[{"href":"https:\/\/www.graphein.com.br\/index.php?rest_route=\/wp\/v2\/posts"}],"about":[{"href":"https:\/\/www.graphein.com.br\/index.php?rest_route=\/wp\/v2\/types\/post"}],"author":[{"embeddable":true,"href":"https:\/\/www.graphein.com.br\/index.php?rest_route=\/wp\/v2\/users\/1"}],"replies":[{"embeddable":true,"href":"https:\/\/www.graphein.com.br\/index.php?rest_route=%2Fwp%2Fv2%2Fcomments&post=7524"}],"version-history":[{"count":4,"href":"https:\/\/www.graphein.com.br\/index.php?rest_route=\/wp\/v2\/posts\/7524\/revisions"}],"predecessor-version":[{"id":7537,"href":"https:\/\/www.graphein.com.br\/index.php?rest_route=\/wp\/v2\/posts\/7524\/revisions\/7537"}],"wp:attachment":[{"href":"https:\/\/www.graphein.com.br\/index.php?rest_route=%2Fwp%2Fv2%2Fmedia&parent=7524"}],"wp:term":[{"taxonomy":"category","embeddable":true,"href":"https:\/\/www.graphein.com.br\/index.php?rest_route=%2Fwp%2Fv2%2Fcategories&post=7524"},{"taxonomy":"post_tag","embeddable":true,"href":"https:\/\/www.graphein.com.br\/index.php?rest_route=%2Fwp%2Fv2%2Ftags&post=7524"}],"curies":[{"name":"wp","href":"https:\/\/api.w.org\/{rel}","templated":true}]}}