{"id":7717,"date":"2016-06-10T14:48:36","date_gmt":"2016-06-10T14:48:36","guid":{"rendered":"http:\/\/www.graphein.com.br\/?p=7717"},"modified":"2016-06-10T14:48:36","modified_gmt":"2016-06-10T14:48:36","slug":"fui-mal-na-prova","status":"publish","type":"post","link":"https:\/\/www.graphein.com.br\/?p=7717","title":{"rendered":"Fui Mal Na Prova"},"content":{"rendered":"<p align=\"center\"><b><u>Fui Mal Na Prova<\/u><\/b><\/p>\n<p><b>\u201cEmbora a prova seja \u00e0s 8h da manh\u00e3 e eu desesperado acorde \u00e0s 5h da manh\u00e3 para estudar, pois penso que a prova ia ser semana que vem, n\u00e3o me organizei e etc. , sei que a culpa \u00e9 minha, mas preciso de ajuda!<\/b><\/p>\n<p><b>Fico muito triste, muitas vezes estudo e pego recupera\u00e7\u00e3o. Tiro nota baixa. Nessas situa\u00e7\u00f5es, o que fa\u00e7o? Preciso de ajuda. N\u00e3o me organizo com os conte\u00fados que os professores passam. Alguns at\u00e9 me entendem e t\u00eam paci\u00eancia para me ajudar, outros n\u00e3o.<\/b><\/p>\n<p><b>Sou jovem, quero ir ao cinema, passear, estar com os amigos, mas n\u00e3o consigo mais&#8230;\u00a0 Mas tamb\u00e9m n\u00e3o consigo ter sucesso na escola tamb\u00e9m! E a\u00ed me torno cada vez mais infeliz! N\u00e3o quero mais viver assim! Sozinho n\u00e3o consigo solucionar&#8230; Preciso se ajuda!\u201d<\/b><\/p>\n<p>Esse \u00e9 um depoimento de um jovem adolescente de 16 anos que vive um cen\u00e1rio cada vez mais repetitivo em tempos atuais. N\u00e3o consegue o sucesso almejado por ele na vida acad\u00eamica frustrando familiares e a pr\u00f3pria institui\u00e7\u00e3o escolar. Tem dificuldades de viver sua juventude em virtude de \u201ccorrer atr\u00e1s para recuperar suas notas\u201d e cada dia mais grita por ajuda.<\/p>\n<p>Muitas vezes a ajuda recebida \u00e9 o investimento em mais horas de estudo, mais conte\u00fado, sem se fazer uma reflex\u00e3o na forma em que esse estudo est\u00e1 sendo passado, ministrado para esse estudante. N\u00e3o se faz uma reflex\u00e3o que v\u00e1 ao encontro do perfil desse estudante, da sua modalidade de aprendizagem, seus centros de interesse, seu funcionamento pessoal, enfim, de suas singularidades.<\/p>\n<p>H\u00e1 de se pensar no indiv\u00edduo. Quando esse jovem pede ajuda no depoimento acima ele nos diz: \u201cOlhe para mim! Preciso que me veja como sou e como aprendo!\u201d<\/p>\n<p>Um importante aspecto \u00e9 tentar ver a situa\u00e7\u00e3o de crise como uma oportunidade. Oportunidade para parar, pensar e realinhar rotas. O caminho percorrido at\u00e9 agora n\u00e3o foi eficaz. Que tal trilhar um novo caminho, com novas condutas e estrat\u00e9gias?<\/p>\n<p>Ao iniciar o realinhamento dessa nova rota, \u00e9 importante\u00a0 que sejam feitas perguntas: Qual o motivo das notas ruins? O que faz com que o aluno tire essas notas? Por\u00e9m, somente uma equipe especializada poder\u00e1 respond\u00ea-las. Essas respostas ser\u00e3o o caminho para o novo trabalho em busca de sanar os entraves.<\/p>\n<p>A equipe do <b>Col\u00e9gio Graphein<\/b> \u00e9 formada por profissionais especializados e permanentemente capacitados para a realiza\u00e7\u00e3o desse trabalho. A partir de uma detalhada avalia\u00e7\u00e3o psicopedag\u00f3gica, elaboramos para cada aluno um <b>Projeto Singular<\/b> que ir\u00e1 ao encontro de contemplar todos os aspectos necess\u00e1rios para esse \u201cnovo olhar\u201d.<\/p>\n<p>Cabe ressaltar que o aluno com esse hist\u00f3rico de frustra\u00e7\u00f5es \u00e9 um aluno \u201csofrido\u201d. Sua autoestima, sua autoimagem est\u00e3o comprometidas. N\u00e3o se enxerga como algu\u00e9m capaz de ir em frente. O trabalho com os aspectos emocionais \u00e9 primordial para que possa dar suporte ao trabalho psicopedag\u00f3gico que acontecer\u00e1.<\/p>\n<p><b>Ter confian\u00e7a, acreditar e ser acreditado faz toda a diferen\u00e7a!<\/b><\/p>\n<iframe src=\"http:\/\/www.facebook.com\/plugins\/like.php?href=https%3A%2F%2Fwww.graphein.com.br%2F%3Fp%3D7717&amp;layout=standard&amp;show_faces=true&amp;width=450&amp;action=like&amp;colorscheme=light\" scrolling=\"no\" frameborder=\"0\" allowTransparency=\"true\" style=\"border:none; overflow:hidden; width:450px;margin-top:5px;\"><\/iframe>","protected":false},"excerpt":{"rendered":"<p>Fui Mal Na Prova \u201cEmbora a prova seja \u00e0s 8h da manh\u00e3 e eu desesperado acorde \u00e0s 5h da manh\u00e3 para estudar, pois penso que a prova ia ser semana que vem, n\u00e3o me organizei e etc. , sei que a culpa \u00e9 minha, mas preciso de ajuda! Fico muito triste, muitas vezes estudo e [&hellip;]<\/p>\n","protected":false},"author":1,"featured_media":0,"comment_status":"open","ping_status":"open","sticky":false,"template":"","format":"standard","meta":[],"categories":[2],"tags":[33,31,32,37],"_links":{"self":[{"href":"https:\/\/www.graphein.com.br\/index.php?rest_route=\/wp\/v2\/posts\/7717"}],"collection":[{"href":"https:\/\/www.graphein.com.br\/index.php?rest_route=\/wp\/v2\/posts"}],"about":[{"href":"https:\/\/www.graphein.com.br\/index.php?rest_route=\/wp\/v2\/types\/post"}],"author":[{"embeddable":true,"href":"https:\/\/www.graphein.com.br\/index.php?rest_route=\/wp\/v2\/users\/1"}],"replies":[{"embeddable":true,"href":"https:\/\/www.graphein.com.br\/index.php?rest_route=%2Fwp%2Fv2%2Fcomments&post=7717"}],"version-history":[{"count":1,"href":"https:\/\/www.graphein.com.br\/index.php?rest_route=\/wp\/v2\/posts\/7717\/revisions"}],"predecessor-version":[{"id":7718,"href":"https:\/\/www.graphein.com.br\/index.php?rest_route=\/wp\/v2\/posts\/7717\/revisions\/7718"}],"wp:attachment":[{"href":"https:\/\/www.graphein.com.br\/index.php?rest_route=%2Fwp%2Fv2%2Fmedia&parent=7717"}],"wp:term":[{"taxonomy":"category","embeddable":true,"href":"https:\/\/www.graphein.com.br\/index.php?rest_route=%2Fwp%2Fv2%2Fcategories&post=7717"},{"taxonomy":"post_tag","embeddable":true,"href":"https:\/\/www.graphein.com.br\/index.php?rest_route=%2Fwp%2Fv2%2Ftags&post=7717"}],"curies":[{"name":"wp","href":"https:\/\/api.w.org\/{rel}","templated":true}]}}