{"id":7722,"date":"2016-06-17T09:35:45","date_gmt":"2016-06-17T09:35:45","guid":{"rendered":"http:\/\/www.graphein.com.br\/?p=7722"},"modified":"2016-06-17T17:49:51","modified_gmt":"2016-06-17T17:49:51","slug":"arraia-olimpico-colegio-graphein-2","status":"publish","type":"post","link":"https:\/\/www.graphein.com.br\/?p=7722","title":{"rendered":"Arrai\u00e1 Ol\u00edmpico &#8211; Col\u00e9gio Graphein"},"content":{"rendered":"<p style=\"text-align: justify;\">Nosso convite foi o resultado de um concurso de desenho, entre as salas L\u00f3tus, Azaleia e Hort\u00eansia.<\/p>\n<p style=\"text-align: justify;\">A ideia para a confec\u00e7\u00e3o deste trabalho foi o tema de nossa festa \u2018\u2019Arrai\u00e1 Ol\u00edmpico\u2019\u2019.<\/p>\n<p style=\"text-align: justify;\">Com a media\u00e7\u00e3o do professor de Artes, Bruno, cada aluno colocou em a\u00e7\u00e3o sua criatividade e realizou seu desenho.<\/p>\n<p style=\"text-align: justify;\">Foram selecionados dois desenhos de cada sala e esses foram expostos para vota\u00e7\u00e3o de todos os alunos e colaboradores da institui\u00e7\u00e3o.<\/p>\n<p style=\"text-align: justify;\">Parab\u00e9ns para <strong><em>Rafaela Klein, <\/em><\/strong>\u00a0a vencedora!<\/p>\n<p style=\"text-align: justify;\"><a href=\"http:\/\/www.graphein.com.br\/wp-content\/uploads\/2016\/06\/cartaz-de-participantes.jpg\"><img loading=\"lazy\" class=\"aligncenter wp-image-7723\" src=\"http:\/\/www.graphein.com.br\/wp-content\/uploads\/2016\/06\/cartaz-de-participantes-213x300.jpg\" alt=\"cartaz de participantes\" width=\"507\" height=\"714\" srcset=\"https:\/\/www.graphein.com.br\/wp-content\/uploads\/2016\/06\/cartaz-de-participantes-213x300.jpg 213w, https:\/\/www.graphein.com.br\/wp-content\/uploads\/2016\/06\/cartaz-de-participantes-768x1083.jpg 768w, https:\/\/www.graphein.com.br\/wp-content\/uploads\/2016\/06\/cartaz-de-participantes-726x1024.jpg 726w, https:\/\/www.graphein.com.br\/wp-content\/uploads\/2016\/06\/cartaz-de-participantes.jpg 1777w\" sizes=\"(max-width: 507px) 100vw, 507px\" \/><\/a><\/p>\n<iframe src=\"http:\/\/www.facebook.com\/plugins\/like.php?href=https%3A%2F%2Fwww.graphein.com.br%2F%3Fp%3D7722&amp;layout=standard&amp;show_faces=true&amp;width=450&amp;action=like&amp;colorscheme=light\" scrolling=\"no\" frameborder=\"0\" allowTransparency=\"true\" style=\"border:none; overflow:hidden; width:450px;margin-top:5px;\"><\/iframe>","protected":false},"excerpt":{"rendered":"<p>Nosso convite foi o resultado de um concurso de desenho, entre as salas L\u00f3tus, Azaleia e Hort\u00eansia. A ideia para a confec\u00e7\u00e3o deste trabalho foi o tema de nossa festa \u2018\u2019Arrai\u00e1 Ol\u00edmpico\u2019\u2019. Com a media\u00e7\u00e3o do professor de Artes, Bruno, cada aluno colocou em a\u00e7\u00e3o sua criatividade e realizou seu desenho. Foram selecionados dois desenhos [&hellip;]<\/p>\n","protected":false},"author":1,"featured_media":0,"comment_status":"open","ping_status":"open","sticky":false,"template":"","format":"standard","meta":[],"categories":[1],"tags":[33,31,38,32],"_links":{"self":[{"href":"https:\/\/www.graphein.com.br\/index.php?rest_route=\/wp\/v2\/posts\/7722"}],"collection":[{"href":"https:\/\/www.graphein.com.br\/index.php?rest_route=\/wp\/v2\/posts"}],"about":[{"href":"https:\/\/www.graphein.com.br\/index.php?rest_route=\/wp\/v2\/types\/post"}],"author":[{"embeddable":true,"href":"https:\/\/www.graphein.com.br\/index.php?rest_route=\/wp\/v2\/users\/1"}],"replies":[{"embeddable":true,"href":"https:\/\/www.graphein.com.br\/index.php?rest_route=%2Fwp%2Fv2%2Fcomments&post=7722"}],"version-history":[{"count":4,"href":"https:\/\/www.graphein.com.br\/index.php?rest_route=\/wp\/v2\/posts\/7722\/revisions"}],"predecessor-version":[{"id":7728,"href":"https:\/\/www.graphein.com.br\/index.php?rest_route=\/wp\/v2\/posts\/7722\/revisions\/7728"}],"wp:attachment":[{"href":"https:\/\/www.graphein.com.br\/index.php?rest_route=%2Fwp%2Fv2%2Fmedia&parent=7722"}],"wp:term":[{"taxonomy":"category","embeddable":true,"href":"https:\/\/www.graphein.com.br\/index.php?rest_route=%2Fwp%2Fv2%2Fcategories&post=7722"},{"taxonomy":"post_tag","embeddable":true,"href":"https:\/\/www.graphein.com.br\/index.php?rest_route=%2Fwp%2Fv2%2Ftags&post=7722"}],"curies":[{"name":"wp","href":"https:\/\/api.w.org\/{rel}","templated":true}]}}