{"id":7837,"date":"2016-07-05T18:32:31","date_gmt":"2016-07-05T18:32:31","guid":{"rendered":"http:\/\/www.graphein.com.br\/?p=7837"},"modified":"2016-07-08T13:21:20","modified_gmt":"2016-07-08T13:21:20","slug":"jc-debate-ferias-criancas","status":"publish","type":"post","link":"https:\/\/www.graphein.com.br\/?p=7837","title":{"rendered":"JC Debate &#8211; F\u00e9rias Crian\u00e7as"},"content":{"rendered":"<p style=\"text-align: justify;\">O <em>JC Debate<\/em> aproveita o m\u00eas de julho para falar sobre f\u00e9rias escolares. O programa explica a import\u00e2ncia das f\u00e9rias na rotina das crian\u00e7as e como ocupar o tempo dos pequenos durante esse per\u00edodo.<\/p>\n<p><iframe loading=\"lazy\" width=\"500\" height=\"281\" src=\"https:\/\/www.youtube.com\/embed\/lf1nx4HnDi0?feature=oembed\" frameborder=\"0\" allowfullscreen><\/iframe><\/p>\n<p>&nbsp;<\/p>\n<p><a href=\"http:\/\/www.graphein.com.br\/wp-content\/uploads\/2016\/07\/TV-CULTURA.jpg\"><img loading=\"lazy\" class=\"wp-image-7980 alignleft\" src=\"http:\/\/www.graphein.com.br\/wp-content\/uploads\/2016\/07\/TV-CULTURA-300x260.jpg\" alt=\"TV CULTURA\" width=\"500\" height=\"433\" srcset=\"https:\/\/www.graphein.com.br\/wp-content\/uploads\/2016\/07\/TV-CULTURA-300x260.jpg 300w, https:\/\/www.graphein.com.br\/wp-content\/uploads\/2016\/07\/TV-CULTURA-768x667.jpg 768w, https:\/\/www.graphein.com.br\/wp-content\/uploads\/2016\/07\/TV-CULTURA-1024x889.jpg 1024w\" sizes=\"(max-width: 500px) 100vw, 500px\" \/><\/a><\/p>\n<iframe src=\"http:\/\/www.facebook.com\/plugins\/like.php?href=https%3A%2F%2Fwww.graphein.com.br%2F%3Fp%3D7837&amp;layout=standard&amp;show_faces=true&amp;width=450&amp;action=like&amp;colorscheme=light\" scrolling=\"no\" frameborder=\"0\" allowTransparency=\"true\" style=\"border:none; overflow:hidden; width:450px;margin-top:5px;\"><\/iframe>","protected":false},"excerpt":{"rendered":"<p>O JC Debate aproveita o m\u00eas de julho para falar sobre f\u00e9rias escolares. O programa explica a import\u00e2ncia das f\u00e9rias na rotina das crian\u00e7as e como ocupar o tempo dos pequenos durante esse per\u00edodo. &nbsp;<\/p>\n","protected":false},"author":1,"featured_media":0,"comment_status":"open","ping_status":"open","sticky":false,"template":"","format":"standard","meta":[],"categories":[1],"tags":[],"_links":{"self":[{"href":"https:\/\/www.graphein.com.br\/index.php?rest_route=\/wp\/v2\/posts\/7837"}],"collection":[{"href":"https:\/\/www.graphein.com.br\/index.php?rest_route=\/wp\/v2\/posts"}],"about":[{"href":"https:\/\/www.graphein.com.br\/index.php?rest_route=\/wp\/v2\/types\/post"}],"author":[{"embeddable":true,"href":"https:\/\/www.graphein.com.br\/index.php?rest_route=\/wp\/v2\/users\/1"}],"replies":[{"embeddable":true,"href":"https:\/\/www.graphein.com.br\/index.php?rest_route=%2Fwp%2Fv2%2Fcomments&post=7837"}],"version-history":[{"count":3,"href":"https:\/\/www.graphein.com.br\/index.php?rest_route=\/wp\/v2\/posts\/7837\/revisions"}],"predecessor-version":[{"id":7982,"href":"https:\/\/www.graphein.com.br\/index.php?rest_route=\/wp\/v2\/posts\/7837\/revisions\/7982"}],"wp:attachment":[{"href":"https:\/\/www.graphein.com.br\/index.php?rest_route=%2Fwp%2Fv2%2Fmedia&parent=7837"}],"wp:term":[{"taxonomy":"category","embeddable":true,"href":"https:\/\/www.graphein.com.br\/index.php?rest_route=%2Fwp%2Fv2%2Fcategories&post=7837"},{"taxonomy":"post_tag","embeddable":true,"href":"https:\/\/www.graphein.com.br\/index.php?rest_route=%2Fwp%2Fv2%2Ftags&post=7837"}],"curies":[{"name":"wp","href":"https:\/\/api.w.org\/{rel}","templated":true}]}}